{"id":14957,"date":"2025-10-14T16:36:53","date_gmt":"2025-10-14T14:36:53","guid":{"rendered":"https:\/\/benfeld-catholique.fr\/?p=14957"},"modified":"2025-10-14T16:36:53","modified_gmt":"2025-10-14T14:36:53","slug":"benfeld-10-octobre-2025-soiree-des-confirmands","status":"publish","type":"post","link":"https:\/\/benfeld-catholique.fr\/?p=14957","title":{"rendered":"Benfeld &#8211; 10 octobre 2025 &#8211; soir\u00e9e des confirmands"},"content":{"rendered":"\n<figure class=\"wp-block-image aligncenter size-large\"><img loading=\"lazy\" decoding=\"async\" width=\"1024\" height=\"768\" src=\"https:\/\/benfeld-catholique.fr\/wp-content\/uploads\/2025\/10\/IMG-20251011-WA0006-1024x768.jpg\" alt=\"\" class=\"wp-image-14958\" srcset=\"https:\/\/benfeld-catholique.fr\/wp-content\/uploads\/2025\/10\/IMG-20251011-WA0006-1024x768.jpg 1024w, https:\/\/benfeld-catholique.fr\/wp-content\/uploads\/2025\/10\/IMG-20251011-WA0006-300x225.jpg 300w, https:\/\/benfeld-catholique.fr\/wp-content\/uploads\/2025\/10\/IMG-20251011-WA0006-768x576.jpg 768w, https:\/\/benfeld-catholique.fr\/wp-content\/uploads\/2025\/10\/IMG-20251011-WA0006-1536x1152.jpg 1536w, https:\/\/benfeld-catholique.fr\/wp-content\/uploads\/2025\/10\/IMG-20251011-WA0006.jpg 1600w\" sizes=\"auto, (max-width: 1024px) 100vw, 1024px\" \/><\/figure>\n\n\n\n<div style=\"height:100px\" aria-hidden=\"true\" class=\"wp-block-spacer\"><\/div>\n\n\n\n<p class=\"has-black-color has-pale-ocean-gradient-background has-text-color has-background has-link-color wp-elements-0dc95b0eabc4b948bd822fe60b8b4030\">Vendredi\u00a0dernier, les confirmands se sont retrouv\u00e9s au Cercle Catholique, pour manger de d\u00e9licieuses p\u00e2tes\u00a0bolognaises, pr\u00e9par\u00e9es par une \u00e9quipe de parents. Ensuite, nous sommes all\u00e9s voir le film au cin\u00e9ma Rex, \u00ab\u00a0J&rsquo;y crois encore\u00a0\u00bb\u00a0\u00a0(film\u00a0biographique am\u00e9ricain r\u00e9alis\u00e9 par Andrew et Jon Erwin)\u00a0programm\u00e9 par le groupe \u0152cum\u00e9nisme et Partage de Benfeld.<\/p>\n\n\n\n<p class=\"has-text-align-right has-black-color has-pale-ocean-gradient-background has-text-color has-background has-link-color wp-elements-ee4571ea307704e33a9f50a990f78ef4\">BJ<\/p>\n\n\n\n<div style=\"height:100px\" aria-hidden=\"true\" class=\"wp-block-spacer\"><\/div>\n\n\n\n<hr class=\"wp-block-separator has-text-color has-black-color has-alpha-channel-opacity has-black-background-color has-background\"\/>\n","protected":false},"excerpt":{"rendered":"<p>Vendredi\u00a0dernier, les confirmands se sont retrouv\u00e9s au Cercle Catholique, pour manger de d\u00e9licieuses p\u00e2tes\u00a0bolognaises, pr\u00e9par\u00e9es par une \u00e9quipe de parents. Ensuite, nous sommes all\u00e9s voir le film au cin\u00e9ma Rex, \u00ab\u00a0J&rsquo;y crois encore\u00a0\u00bb\u00a0\u00a0(film\u00a0biographique am\u00e9ricain r\u00e9alis\u00e9 par Andrew et Jon Erwin)\u00a0programm\u00e9 par le groupe \u0152cum\u00e9nisme et Partage de Benfeld. BJ<\/p>\n","protected":false},"author":5,"featured_media":14958,"comment_status":"closed","ping_status":"closed","sticky":false,"template":"","format":"image","meta":{"footnotes":""},"categories":[1],"tags":[],"class_list":["post-14957","post","type-post","status-publish","format-image","has-post-thumbnail","hentry","category-non-classe","post_format-post-format-image"],"_links":{"self":[{"href":"https:\/\/benfeld-catholique.fr\/index.php?rest_route=\/wp\/v2\/posts\/14957","targetHints":{"allow":["GET"]}}],"collection":[{"href":"https:\/\/benfeld-catholique.fr\/index.php?rest_route=\/wp\/v2\/posts"}],"about":[{"href":"https:\/\/benfeld-catholique.fr\/index.php?rest_route=\/wp\/v2\/types\/post"}],"author":[{"embeddable":true,"href":"https:\/\/benfeld-catholique.fr\/index.php?rest_route=\/wp\/v2\/users\/5"}],"replies":[{"embeddable":true,"href":"https:\/\/benfeld-catholique.fr\/index.php?rest_route=%2Fwp%2Fv2%2Fcomments&post=14957"}],"version-history":[{"count":1,"href":"https:\/\/benfeld-catholique.fr\/index.php?rest_route=\/wp\/v2\/posts\/14957\/revisions"}],"predecessor-version":[{"id":14959,"href":"https:\/\/benfeld-catholique.fr\/index.php?rest_route=\/wp\/v2\/posts\/14957\/revisions\/14959"}],"wp:featuredmedia":[{"embeddable":true,"href":"https:\/\/benfeld-catholique.fr\/index.php?rest_route=\/wp\/v2\/media\/14958"}],"wp:attachment":[{"href":"https:\/\/benfeld-catholique.fr\/index.php?rest_route=%2Fwp%2Fv2%2Fmedia&parent=14957"}],"wp:term":[{"taxonomy":"category","embeddable":true,"href":"https:\/\/benfeld-catholique.fr\/index.php?rest_route=%2Fwp%2Fv2%2Fcategories&post=14957"},{"taxonomy":"post_tag","embeddable":true,"href":"https:\/\/benfeld-catholique.fr\/index.php?rest_route=%2Fwp%2Fv2%2Ftags&post=14957"}],"curies":[{"name":"wp","href":"https:\/\/api.w.org\/{rel}","templated":true}]}}