{"id":14891,"date":"2025-09-22T16:27:08","date_gmt":"2025-09-22T14:27:08","guid":{"rendered":"https:\/\/benfeld-catholique.fr\/?p=14891"},"modified":"2025-09-22T16:27:09","modified_gmt":"2025-09-22T14:27:09","slug":"matzenheim-14-septembre-2025-celebration-oecumenique-pour-la-creation","status":"publish","type":"post","link":"https:\/\/benfeld-catholique.fr\/?p=14891","title":{"rendered":"Matzenheim &#8211; 14 septembre 2025 &#8211; c\u00e9l\u00e9bration \u0153cum\u00e9nique pour la cr\u00e9ation"},"content":{"rendered":"\n<figure class=\"wp-block-image aligncenter size-large\"><img loading=\"lazy\" decoding=\"async\" width=\"1024\" height=\"576\" src=\"https:\/\/benfeld-catholique.fr\/wp-content\/uploads\/2025\/09\/IMG20250914103625-1024x576.jpg\" alt=\"\" class=\"wp-image-14892\" srcset=\"https:\/\/benfeld-catholique.fr\/wp-content\/uploads\/2025\/09\/IMG20250914103625-1024x576.jpg 1024w, https:\/\/benfeld-catholique.fr\/wp-content\/uploads\/2025\/09\/IMG20250914103625-300x169.jpg 300w, https:\/\/benfeld-catholique.fr\/wp-content\/uploads\/2025\/09\/IMG20250914103625-768x432.jpg 768w, https:\/\/benfeld-catholique.fr\/wp-content\/uploads\/2025\/09\/IMG20250914103625-1536x864.jpg 1536w, https:\/\/benfeld-catholique.fr\/wp-content\/uploads\/2025\/09\/IMG20250914103625-2048x1152.jpg 2048w, https:\/\/benfeld-catholique.fr\/wp-content\/uploads\/2025\/09\/IMG20250914103625-350x197.jpg 350w, https:\/\/benfeld-catholique.fr\/wp-content\/uploads\/2025\/09\/IMG20250914103625-860x484.jpg 860w\" sizes=\"auto, (max-width: 1024px) 100vw, 1024px\" \/><\/figure>\n\n\n\n<div style=\"height:50px\" aria-hidden=\"true\" class=\"wp-block-spacer\"><\/div>\n\n\n\n<figure class=\"wp-block-gallery aligncenter has-nested-images columns-2 is-cropped wp-block-gallery-1 is-layout-flex wp-block-gallery-is-layout-flex\">\n<figure class=\"wp-block-image size-large\"><img loading=\"lazy\" decoding=\"async\" width=\"1024\" height=\"576\" data-id=\"14893\" src=\"https:\/\/benfeld-catholique.fr\/wp-content\/uploads\/2025\/09\/IMG20250914103634-1024x576.jpg\" alt=\"\" class=\"wp-image-14893\" srcset=\"https:\/\/benfeld-catholique.fr\/wp-content\/uploads\/2025\/09\/IMG20250914103634-1024x576.jpg 1024w, https:\/\/benfeld-catholique.fr\/wp-content\/uploads\/2025\/09\/IMG20250914103634-300x169.jpg 300w, https:\/\/benfeld-catholique.fr\/wp-content\/uploads\/2025\/09\/IMG20250914103634-768x432.jpg 768w, https:\/\/benfeld-catholique.fr\/wp-content\/uploads\/2025\/09\/IMG20250914103634-1536x864.jpg 1536w, https:\/\/benfeld-catholique.fr\/wp-content\/uploads\/2025\/09\/IMG20250914103634-2048x1152.jpg 2048w, https:\/\/benfeld-catholique.fr\/wp-content\/uploads\/2025\/09\/IMG20250914103634-350x197.jpg 350w, https:\/\/benfeld-catholique.fr\/wp-content\/uploads\/2025\/09\/IMG20250914103634-860x484.jpg 860w\" sizes=\"auto, (max-width: 1024px) 100vw, 1024px\" \/><\/figure>\n\n\n\n<figure class=\"wp-block-image size-large\"><img loading=\"lazy\" decoding=\"async\" width=\"1024\" height=\"576\" data-id=\"14895\" src=\"https:\/\/benfeld-catholique.fr\/wp-content\/uploads\/2025\/09\/IMG20250914104724-1-1024x576.jpg\" alt=\"\" class=\"wp-image-14895\" srcset=\"https:\/\/benfeld-catholique.fr\/wp-content\/uploads\/2025\/09\/IMG20250914104724-1-1024x576.jpg 1024w, https:\/\/benfeld-catholique.fr\/wp-content\/uploads\/2025\/09\/IMG20250914104724-1-300x169.jpg 300w, https:\/\/benfeld-catholique.fr\/wp-content\/uploads\/2025\/09\/IMG20250914104724-1-768x432.jpg 768w, https:\/\/benfeld-catholique.fr\/wp-content\/uploads\/2025\/09\/IMG20250914104724-1-1536x864.jpg 1536w, https:\/\/benfeld-catholique.fr\/wp-content\/uploads\/2025\/09\/IMG20250914104724-1-2048x1152.jpg 2048w, https:\/\/benfeld-catholique.fr\/wp-content\/uploads\/2025\/09\/IMG20250914104724-1-350x197.jpg 350w, https:\/\/benfeld-catholique.fr\/wp-content\/uploads\/2025\/09\/IMG20250914104724-1-860x484.jpg 860w\" sizes=\"auto, (max-width: 1024px) 100vw, 1024px\" \/><\/figure>\n\n\n\n<figure class=\"wp-block-image size-large\"><img loading=\"lazy\" decoding=\"async\" width=\"1024\" height=\"461\" data-id=\"14896\" src=\"https:\/\/benfeld-catholique.fr\/wp-content\/uploads\/2025\/09\/WhatsApp-Image-2025-09-14-at-13.54.02-1-1024x461.jpeg\" alt=\"\" class=\"wp-image-14896\" srcset=\"https:\/\/benfeld-catholique.fr\/wp-content\/uploads\/2025\/09\/WhatsApp-Image-2025-09-14-at-13.54.02-1-1024x461.jpeg 1024w, https:\/\/benfeld-catholique.fr\/wp-content\/uploads\/2025\/09\/WhatsApp-Image-2025-09-14-at-13.54.02-1-300x135.jpeg 300w, https:\/\/benfeld-catholique.fr\/wp-content\/uploads\/2025\/09\/WhatsApp-Image-2025-09-14-at-13.54.02-1-768x346.jpeg 768w, https:\/\/benfeld-catholique.fr\/wp-content\/uploads\/2025\/09\/WhatsApp-Image-2025-09-14-at-13.54.02-1-1536x691.jpeg 1536w, https:\/\/benfeld-catholique.fr\/wp-content\/uploads\/2025\/09\/WhatsApp-Image-2025-09-14-at-13.54.02-1.jpeg 2000w\" sizes=\"auto, (max-width: 1024px) 100vw, 1024px\" \/><\/figure>\n<\/figure>\n\n\n\n<div style=\"height:50px\" aria-hidden=\"true\" class=\"wp-block-spacer\"><\/div>\n\n\n\n<figure class=\"wp-block-image aligncenter size-large\"><img loading=\"lazy\" decoding=\"async\" width=\"704\" height=\"1024\" src=\"https:\/\/benfeld-catholique.fr\/wp-content\/uploads\/2025\/09\/IMG20250914112809-rec-704x1024.jpg\" alt=\"\" class=\"wp-image-14897\" srcset=\"https:\/\/benfeld-catholique.fr\/wp-content\/uploads\/2025\/09\/IMG20250914112809-rec-704x1024.jpg 704w, https:\/\/benfeld-catholique.fr\/wp-content\/uploads\/2025\/09\/IMG20250914112809-rec-206x300.jpg 206w, https:\/\/benfeld-catholique.fr\/wp-content\/uploads\/2025\/09\/IMG20250914112809-rec-768x1118.jpg 768w, https:\/\/benfeld-catholique.fr\/wp-content\/uploads\/2025\/09\/IMG20250914112809-rec-1056x1536.jpg 1056w, https:\/\/benfeld-catholique.fr\/wp-content\/uploads\/2025\/09\/IMG20250914112809-rec-1407x2048.jpg 1407w, https:\/\/benfeld-catholique.fr\/wp-content\/uploads\/2025\/09\/IMG20250914112809-rec.jpg 1751w\" sizes=\"auto, (max-width: 704px) 100vw, 704px\" \/><\/figure>\n\n\n\n<div style=\"height:100px\" aria-hidden=\"true\" class=\"wp-block-spacer\"><\/div>\n\n\n\n<hr class=\"wp-block-separator has-text-color has-black-color has-alpha-channel-opacity has-black-background-color has-background\"\/>\n","protected":false},"excerpt":{"rendered":"","protected":false},"author":5,"featured_media":14892,"comment_status":"closed","ping_status":"closed","sticky":false,"template":"","format":"image","meta":{"footnotes":""},"categories":[1],"tags":[],"class_list":["post-14891","post","type-post","status-publish","format-image","has-post-thumbnail","hentry","category-non-classe","post_format-post-format-image"],"_links":{"self":[{"href":"https:\/\/benfeld-catholique.fr\/index.php?rest_route=\/wp\/v2\/posts\/14891","targetHints":{"allow":["GET"]}}],"collection":[{"href":"https:\/\/benfeld-catholique.fr\/index.php?rest_route=\/wp\/v2\/posts"}],"about":[{"href":"https:\/\/benfeld-catholique.fr\/index.php?rest_route=\/wp\/v2\/types\/post"}],"author":[{"embeddable":true,"href":"https:\/\/benfeld-catholique.fr\/index.php?rest_route=\/wp\/v2\/users\/5"}],"replies":[{"embeddable":true,"href":"https:\/\/benfeld-catholique.fr\/index.php?rest_route=%2Fwp%2Fv2%2Fcomments&post=14891"}],"version-history":[{"count":1,"href":"https:\/\/benfeld-catholique.fr\/index.php?rest_route=\/wp\/v2\/posts\/14891\/revisions"}],"predecessor-version":[{"id":14898,"href":"https:\/\/benfeld-catholique.fr\/index.php?rest_route=\/wp\/v2\/posts\/14891\/revisions\/14898"}],"wp:featuredmedia":[{"embeddable":true,"href":"https:\/\/benfeld-catholique.fr\/index.php?rest_route=\/wp\/v2\/media\/14892"}],"wp:attachment":[{"href":"https:\/\/benfeld-catholique.fr\/index.php?rest_route=%2Fwp%2Fv2%2Fmedia&parent=14891"}],"wp:term":[{"taxonomy":"category","embeddable":true,"href":"https:\/\/benfeld-catholique.fr\/index.php?rest_route=%2Fwp%2Fv2%2Fcategories&post=14891"},{"taxonomy":"post_tag","embeddable":true,"href":"https:\/\/benfeld-catholique.fr\/index.php?rest_route=%2Fwp%2Fv2%2Ftags&post=14891"}],"curies":[{"name":"wp","href":"https:\/\/api.w.org\/{rel}","templated":true}]}}