{"id":1368,"date":"2022-01-07T11:00:00","date_gmt":"2022-01-07T10:00:00","guid":{"rendered":"http:\/\/benfeld-catholique.fr\/?p=1368"},"modified":"2025-06-25T19:07:33","modified_gmt":"2025-06-25T17:07:33","slug":"benfeld","status":"publish","type":"post","link":"https:\/\/benfeld-catholique.fr\/?p=1368","title":{"rendered":"Paroisse de Benfeld"},"content":{"rendered":"\n<h2 class=\"wp-block-heading has-text-align-center has-very-dark-gray-color has-text-color\">Paroisse Saint-Laurent de Benfeld<\/h2>\n\n\n\n<div style=\"height:50px\" aria-hidden=\"true\" class=\"wp-block-spacer\"><\/div>\n\n\n\n<figure class=\"wp-block-image aligncenter size-large\"><img loading=\"lazy\" decoding=\"async\" width=\"1024\" height=\"684\" src=\"http:\/\/benfeld-catholique.fr\/wp-content\/uploads\/2021\/11\/DSC_3864-1024x684.jpg\" alt=\"\" class=\"wp-image-8929\" srcset=\"https:\/\/benfeld-catholique.fr\/wp-content\/uploads\/2021\/11\/DSC_3864-1024x684.jpg 1024w, https:\/\/benfeld-catholique.fr\/wp-content\/uploads\/2021\/11\/DSC_3864-300x200.jpg 300w, https:\/\/benfeld-catholique.fr\/wp-content\/uploads\/2021\/11\/DSC_3864-768x513.jpg 768w, https:\/\/benfeld-catholique.fr\/wp-content\/uploads\/2021\/11\/DSC_3864-1536x1025.jpg 1536w, https:\/\/benfeld-catholique.fr\/wp-content\/uploads\/2021\/11\/DSC_3864-2048x1367.jpg 2048w\" sizes=\"auto, (max-width: 1024px) 100vw, 1024px\" \/><\/figure>\n\n\n\n<div style=\"height:30px\" aria-hidden=\"true\" class=\"wp-block-spacer\"><\/div>\n\n\n\n<p class=\"has-very-light-gray-color has-very-dark-gray-background-color has-text-color has-background\">Permanence d\u2019accueil&nbsp;:<\/p>\n\n\n\n<p class=\"has-very-dark-gray-color has-pale-cyan-blue-background-color has-text-color has-background\">Presbyt\u00e8re de Benfeld &#8211; 6, rue de l\u2019\u00e9glise &#8211; 03 88 74 40 07 &#8211; <a href=\"mailto:com.paroisses@benfeld-catholique.fr\">c<em>om.paroisses@benfeld-catholique.fr<\/em><\/a> &#8211; <strong>le presbyt\u00e8re vous accueille<em>&nbsp;:<\/em> le lundi&nbsp;de 9h30 \u00e0 11h30, du&nbsp;mardi&nbsp;au&nbsp;jeudi&nbsp;&nbsp;de 14h \u00e0 16h, le vendredi&nbsp;de 16h \u00e0 18h et le samedi&nbsp;de 9h30 \u00e0 11h30<\/strong>.<\/p>\n\n\n\n<div style=\"height:30px\" aria-hidden=\"true\" class=\"wp-block-spacer\"><\/div>\n\n\n\n<p class=\"has-very-light-gray-color has-very-dark-gray-background-color has-text-color has-background\">Renseignements&nbsp;:<\/p>\n\n\n\n<p class=\"has-very-dark-gray-color has-pale-cyan-blue-background-color has-text-color has-background\"><strong>Caroline Linget<\/strong> \u2013 06 86 02 17 03 &#8211; <strong><a href=\"mailto:leslin@wanadoo.fr\">leslin@wanadoo.fr<\/a><\/strong><\/p>\n\n\n\n<div style=\"height:30px\" aria-hidden=\"true\" class=\"wp-block-spacer\"><\/div>\n\n\n\n<p class=\"has-very-light-gray-color has-very-dark-gray-background-color has-text-color has-background\">Horaires des messes fixes&nbsp;:<\/p>\n\n\n\n<p class=\"has-very-dark-gray-color has-pale-cyan-blue-background-color has-text-color has-background\">&#8212; Le dimanche \u00e0 10 h 45<\/p>\n\n\n\n<p class=\"has-very-dark-gray-color has-pale-cyan-blue-background-color has-text-color has-background\">&#8212; Le 1<sup>er<\/sup> vendredi du mois \u00e0 10 h 15  \u00e0 la r\u00e9sidence des personnes \u00e2g\u00e9e<\/p>\n\n\n\n<div style=\"height:30px\" aria-hidden=\"true\" class=\"wp-block-spacer\"><\/div>\n\n\n\n<p class=\"has-very-light-gray-color has-very-dark-gray-background-color has-text-color has-background\">Autre lieu&nbsp;: <\/p>\n\n\n\n<p class=\"has-very-dark-gray-color has-pale-cyan-blue-background-color has-text-color has-background\">Cercle catholique &#8211; rue du Docteur Sieffermann &#8211; r\u00e9servation aupr\u00e8s de<strong> Nathalie Garbaciak<\/strong> &#8211; 06 73 50 45 00<\/p>\n\n\n\n<div style=\"height:30px\" aria-hidden=\"true\" class=\"wp-block-spacer\"><\/div>\n\n\n\n<p class=\"has-very-light-gray-color has-very-dark-gray-background-color has-text-color has-background\">Nos f\u00eates&nbsp;:<\/p>\n\n\n\n<p class=\"has-very-dark-gray-color has-pale-cyan-blue-background-color has-text-color has-background\">&#8212; Galette des Rois (en janvier)<\/p>\n\n\n\n<p class=\"has-very-dark-gray-color has-pale-cyan-blue-background-color has-text-color has-background\">&#8212; F\u00eate paroissiale<\/p>\n\n\n\n<p class=\"has-very-dark-gray-color has-pale-cyan-blue-background-color has-text-color has-background\">&#8212; <a>F\u00eate patronale Saint-Laurent&nbsp;(10 ao\u00fbt)<\/a><\/p>\n\n\n\n<div style=\"height:30px\" aria-hidden=\"true\" class=\"wp-block-spacer\"><\/div>\n\n\n\n<p class=\"has-very-light-gray-color has-very-dark-gray-background-color has-text-color has-background\">Demander une intention de messe&nbsp;:<\/p>\n\n\n\n<p class=\"has-very-dark-gray-color has-pale-cyan-blue-background-color has-text-color has-background\">S\u2019adresser \u00e0 l\u2019accueil aux heures de permanence.<\/p>\n\n\n\n<div style=\"height:30px\" aria-hidden=\"true\" class=\"wp-block-spacer\"><\/div>\n\n\n\n<p class=\"has-very-light-gray-color has-very-dark-gray-background-color has-text-color has-background\">\u00c9quipe liturgique&nbsp;:<\/p>\n\n\n\n<p class=\"has-very-dark-gray-color has-light-green-cyan-background-color has-text-color has-background\">Sacristains&nbsp;:<\/p>\n\n\n\n<p class=\"has-very-dark-gray-color has-pale-cyan-blue-background-color has-text-color has-background\"><strong>Fran\u00e7ois Saettel<\/strong> &#8211; 06 82 92 64 96 &#8211; <em><a href=\"mailto:francois.saettel@wanadoo.fr\">francois.saettel@wanadoo.fr<\/a><\/em><\/p>\n\n\n\n<p class=\"has-very-dark-gray-color has-pale-cyan-blue-background-color has-text-color has-background\"><strong>Hugo Pinto<\/strong> &#8211; 06 98 34 11 64<\/p>\n\n\n\n<p class=\"has-very-dark-gray-color has-pale-cyan-blue-background-color has-text-color has-background\"><strong>Soeur Ang\u00e8le \u2013 <\/strong>03 68 05 41 54<\/p>\n\n\n\n<p class=\"has-very-dark-gray-color has-light-green-cyan-background-color has-text-color has-background\">Pr\u00e9sidente de la chorale&nbsp;:<\/p>\n\n\n\n<p class=\"has-very-dark-gray-color has-pale-cyan-blue-background-color has-text-color has-background\">Nathalie GARBACZIAK<\/p>\n\n\n\n<p class=\"has-very-dark-gray-color has-light-green-cyan-background-color has-text-color has-background\">Chefs de ch\u0153ur&nbsp;:<\/p>\n\n\n\n<p class=\"has-very-dark-gray-color has-pale-cyan-blue-background-color has-text-color has-background\"><strong>Caroline Linget<\/strong> \u2013 06 86 02 17 03 &#8211; <em><a href=\"mailto:caroline.pasto-enfants@orange.fr\">caroline.pasto-enfants@orange.fr<\/a><\/em><\/p>\n\n\n\n<p class=\"has-very-dark-gray-color has-pale-cyan-blue-background-color has-text-color has-background\"><strong>Vincent Schneider<\/strong> &#8211; 03 88 74 46 32 &#8211; <em><a href=\"mailto:vischneider@club-internet.fr\">vischneider@club-internet.fr<\/a><\/em><\/p>\n\n\n\n<p class=\"has-very-dark-gray-color has-pale-cyan-blue-background-color has-text-color has-background\"><strong>Monique Arnould<\/strong> &#8211; 03 88 74 52\n26<\/p>\n\n\n\n<p class=\"has-very-dark-gray-color has-light-green-cyan-background-color has-text-color has-background\">Fleuriste&nbsp;:<\/p>\n\n\n\n<p class=\"has-very-dark-gray-color has-pale-cyan-blue-background-color has-text-color has-background\"><strong>Marie-France Schneider<\/strong> &#8211; 03 88 74 46 32 &#8211; <em><a href=\"mailto:vischneider@club-internet.fr\">vischneider@club-internet.fr<\/a><\/em><\/p>\n\n\n\n<p class=\"has-very-dark-gray-color has-light-green-cyan-background-color has-text-color has-background\">Responsable des servants de messe&nbsp;:<\/p>\n\n\n\n<p class=\"has-very-dark-gray-color has-pale-cyan-blue-background-color has-text-color has-background\"><strong>Sonia PINTO<\/strong> &#8211; <a href=\"mailto:sonia_hugo@live.fr\">sonia_hugo@live.fr<\/a> &#8211;<\/p>\n\n\n\n<p class=\"has-very-dark-gray-color has-light-green-cyan-background-color has-text-color has-background\">Coordination des lecteurs&nbsp;:<\/p>\n\n\n\n<p class=\"has-very-dark-gray-color has-pale-cyan-blue-background-color has-text-color has-background\">Caroline LINGET &#8211; <a rel=\"noreferrer noopener\" href=\"mailto:leslin@wanadoo.fr\" target=\"_blank\">leslin@wanadoo.fr<\/a><\/p>\n\n\n\n<div style=\"height:30px\" aria-hidden=\"true\" class=\"wp-block-spacer\"><\/div>\n\n\n\n<p class=\"has-very-light-gray-color has-very-dark-gray-background-color has-text-color has-background\">Visiteurs des malades&nbsp;:<\/p>\n\n\n\n<p class=\"has-very-dark-gray-color has-pale-cyan-blue-background-color has-text-color has-background\"><strong>Manfred Runneburger<\/strong> &#8211; diacre &#8211; 03 88 74 43 42<\/p>\n\n\n\n<p class=\"has-very-dark-gray-color has-pale-cyan-blue-background-color has-text-color has-background\"><strong>Claudine Kalt <\/strong>&#8211; 09 52 42 21 01<\/p>\n\n\n\n<p class=\"has-very-dark-gray-color has-pale-cyan-blue-background-color has-text-color has-background\"><strong>Anne-Marie Koehler<\/strong><\/p>\n\n\n\n<p class=\"has-very-dark-gray-color has-pale-cyan-blue-background-color has-text-color has-background\"><strong>Yolande Kohler<\/strong><\/p>\n\n\n\n<p class=\"has-very-dark-gray-color has-pale-cyan-blue-background-color has-text-color has-background\"><strong>Patricia Renner<\/strong><\/p>\n\n\n\n<p class=\"has-very-dark-gray-color has-pale-cyan-blue-background-color has-text-color has-background\"><strong>Marie Bachmann<\/strong><\/p>\n\n\n\n<p class=\"has-very-dark-gray-color has-pale-cyan-blue-background-color has-text-color has-background\"><strong>S\u0153ur Ang\u00e8le <\/strong>&#8211; 03 68 05 41 54<\/p>\n\n\n\n<div style=\"height:30px\" aria-hidden=\"true\" class=\"wp-block-spacer\"><\/div>\n\n\n\n<p class=\"has-very-light-gray-color has-very-dark-gray-background-color has-text-color has-background\">Pr\u00e9sidente du conseil de fabrique&nbsp;:<\/p>\n\n\n\n<p class=\"has-very-dark-gray-color has-pale-cyan-blue-background-color has-text-color has-background\"> Anne Duval&nbsp;&#8211; <a href=\"callto:07 62 78 10 95\">07 62 78 10 95<\/a>&nbsp;&#8211; <a rel=\"noreferrer noopener\" href=\"mailto:anne.duval26@gmail.com\" target=\"_blank\">anne.duval26@gmail.com<\/a> <\/p>\n\n\n\n<div style=\"height:50px\" aria-hidden=\"true\" class=\"wp-block-spacer\"><\/div>\n\n\n\n<hr class=\"wp-block-separator has-text-color has-very-dark-gray-color has-css-opacity has-very-dark-gray-background-color has-background\"\/>\n","protected":false},"excerpt":{"rendered":"<p>Paroisse Saint-Laurent de Benfeld Permanence d\u2019accueil&nbsp;: Presbyt\u00e8re de Benfeld &#8211; 6, rue de l\u2019\u00e9glise &#8211; 03 88 74 40 07 &#8211; com.paroisses@benfeld-catholique.fr &#8211; le presbyt\u00e8re vous accueille&nbsp;: le lundi&nbsp;de 9h30 \u00e0 11h30, du&nbsp;mardi&nbsp;au&nbsp;jeudi&nbsp;&nbsp;de 14h \u00e0 16h, le vendredi&nbsp;de 16h \u00e0 18h et le samedi&nbsp;de 9h30 \u00e0 11h30. Renseignements&nbsp;: Caroline Linget \u2013 06 86 02 17 [&hellip;]<\/p>\n","protected":false},"author":5,"featured_media":1542,"comment_status":"closed","ping_status":"closed","sticky":false,"template":"","format":"image","meta":{"footnotes":""},"categories":[1],"tags":[],"class_list":["post-1368","post","type-post","status-publish","format-image","has-post-thumbnail","hentry","category-non-classe","post_format-post-format-image"],"_links":{"self":[{"href":"https:\/\/benfeld-catholique.fr\/index.php?rest_route=\/wp\/v2\/posts\/1368","targetHints":{"allow":["GET"]}}],"collection":[{"href":"https:\/\/benfeld-catholique.fr\/index.php?rest_route=\/wp\/v2\/posts"}],"about":[{"href":"https:\/\/benfeld-catholique.fr\/index.php?rest_route=\/wp\/v2\/types\/post"}],"author":[{"embeddable":true,"href":"https:\/\/benfeld-catholique.fr\/index.php?rest_route=\/wp\/v2\/users\/5"}],"replies":[{"embeddable":true,"href":"https:\/\/benfeld-catholique.fr\/index.php?rest_route=%2Fwp%2Fv2%2Fcomments&post=1368"}],"version-history":[{"count":35,"href":"https:\/\/benfeld-catholique.fr\/index.php?rest_route=\/wp\/v2\/posts\/1368\/revisions"}],"predecessor-version":[{"id":14744,"href":"https:\/\/benfeld-catholique.fr\/index.php?rest_route=\/wp\/v2\/posts\/1368\/revisions\/14744"}],"wp:featuredmedia":[{"embeddable":true,"href":"https:\/\/benfeld-catholique.fr\/index.php?rest_route=\/wp\/v2\/media\/1542"}],"wp:attachment":[{"href":"https:\/\/benfeld-catholique.fr\/index.php?rest_route=%2Fwp%2Fv2%2Fmedia&parent=1368"}],"wp:term":[{"taxonomy":"category","embeddable":true,"href":"https:\/\/benfeld-catholique.fr\/index.php?rest_route=%2Fwp%2Fv2%2Fcategories&post=1368"},{"taxonomy":"post_tag","embeddable":true,"href":"https:\/\/benfeld-catholique.fr\/index.php?rest_route=%2Fwp%2Fv2%2Ftags&post=1368"}],"curies":[{"name":"wp","href":"https:\/\/api.w.org\/{rel}","templated":true}]}}