{"id":2689,"date":"2020-09-28T18:47:00","date_gmt":"2020-09-28T16:47:00","guid":{"rendered":"http:\/\/benfeld-catholique.fr\/?p=2689"},"modified":"2025-06-25T19:01:35","modified_gmt":"2025-06-25T17:01:35","slug":"petites-mains-dans-lombre","status":"publish","type":"post","link":"http:\/\/benfeld-catholique.fr\/?p=2689","title":{"rendered":"Entretien de l&rsquo;\u00e9glise de la paroisse"},"content":{"rendered":"\n<figure class=\"wp-block-image aligncenter size-large is-resized\"><img loading=\"lazy\" decoding=\"async\" width=\"411\" height=\"258\" src=\"http:\/\/benfeld-catholique.fr\/wp-content\/uploads\/2020\/09\/hqdefault-1-e1601393130602.jpg\" alt=\"\" class=\"wp-image-6902\" style=\"width:456px;height:286px\" srcset=\"http:\/\/benfeld-catholique.fr\/wp-content\/uploads\/2020\/09\/hqdefault-1-e1601393130602.jpg 411w, http:\/\/benfeld-catholique.fr\/wp-content\/uploads\/2020\/09\/hqdefault-1-e1601393130602-300x188.jpg 300w\" sizes=\"auto, (max-width: 411px) 100vw, 411px\" \/><\/figure>\n\n\n\n<div style=\"height:20px\" aria-hidden=\"true\" class=\"wp-block-spacer\"><\/div>\n\n\n\n<hr class=\"wp-block-separator has-text-color has-very-dark-gray-color has-css-opacity has-very-dark-gray-background-color has-background\"\/>\n\n\n\n<div style=\"height:20px\" aria-hidden=\"true\" class=\"wp-block-spacer\"><\/div>\n\n\n\n<p class=\"has-very-dark-gray-color has-pale-cyan-blue-background-color has-text-color has-background\">Tout au long de l&rsquo;ann\u00e9e, les<strong> <\/strong>\u00e9glises de notre communaut\u00e9 sont propres gr\u00e2ce aux \u00e9quipes paroissiales charg\u00e9es de leur entretien r\u00e9gulier. Si vous aussi, vous avez envie de rejoindre ces \u00e9quipes de b\u00e9n\u00e9voles, alors n&rsquo;h\u00e9sitez-pas \u00e0 appeler les contacts ci-dessous ! Le materiel est fourni et l&rsquo;ambiance est chaleureuse. <\/p>\n\n\n\n<div style=\"height:20px\" aria-hidden=\"true\" class=\"wp-block-spacer\"><\/div>\n\n\n\n<hr class=\"wp-block-separator has-text-color has-very-dark-gray-color has-css-opacity has-very-dark-gray-background-color has-background\"\/>\n\n\n\n<div style=\"height:20px\" aria-hidden=\"true\" class=\"wp-block-spacer\"><\/div>\n\n\n\n<p class=\"has-very-dark-gray-color has-pale-cyan-blue-background-color has-text-color has-background\"><strong>Paroisse de Benfeld<\/strong><\/p>\n\n\n\n<p class=\"has-very-dark-gray-color has-pale-cyan-blue-background-color has-text-color has-background\">Mise \u00e0 jour en cours<\/p>\n\n\n\n<div style=\"height:20px\" aria-hidden=\"true\" class=\"wp-block-spacer\"><\/div>\n\n\n\n<p class=\"has-very-dark-gray-color has-pale-cyan-blue-background-color has-text-color has-background\"><strong>Paroisse de Huttenheim<\/strong><\/p>\n\n\n\n<p class=\"has-very-dark-gray-color has-pale-cyan-blue-background-color has-text-color has-background\">Mise \u00e0 jour en cours<\/p>\n\n\n\n<div style=\"height:20px\" aria-hidden=\"true\" class=\"wp-block-spacer\"><\/div>\n\n\n\n<p class=\"has-very-dark-gray-color has-pale-cyan-blue-background-color has-text-color has-background\"><strong>Paroisse de Kertzfeld<\/strong><\/p>\n\n\n\n<p class=\"has-very-dark-gray-color has-pale-cyan-blue-background-color has-text-color has-background\">Mise \u00e0 jour en cours<\/p>\n\n\n\n<div style=\"height:20px\" aria-hidden=\"true\" class=\"wp-block-spacer\"><\/div>\n\n\n\n<p class=\"has-very-dark-gray-color has-pale-cyan-blue-background-color has-text-color has-background\"><strong>Paroisse de Kogenheim<\/strong><\/p>\n\n\n\n<p class=\"has-very-dark-gray-color has-pale-cyan-blue-background-color has-text-color has-background\">Berthe RISSER &#8211; 03 88 74 35 34 &#8211; 2 fois&nbsp;\/ trimestre<\/p>\n\n\n\n<div style=\"height:20px\" aria-hidden=\"true\" class=\"wp-block-spacer\"><\/div>\n\n\n\n<p class=\"has-very-dark-gray-color has-pale-cyan-blue-background-color has-text-color has-background\"><strong>Paroisse de Matzenheim<\/strong><\/p>\n\n\n\n<p class=\"has-very-dark-gray-color has-pale-cyan-blue-background-color has-text-color has-background\">Pascal HUARD &#8211; 06 83 38 82 47 &#8211; tous les 2 mois<\/p>\n\n\n\n<div style=\"height:20px\" aria-hidden=\"true\" class=\"wp-block-spacer\"><\/div>\n\n\n\n<p class=\"has-very-dark-gray-color has-pale-cyan-blue-background-color has-text-color has-background\"><strong>Paroisse de Sand<\/strong><\/p>\n\n\n\n<p class=\"has-very-dark-gray-color has-pale-cyan-blue-background-color has-text-color has-background\">Marguerite ISSENMANN &#8211; 03 88 74 30 88 &#8211; 1 fois \/ trimestre<\/p>\n\n\n\n<div style=\"height:20px\" aria-hidden=\"true\" class=\"wp-block-spacer\"><\/div>\n\n\n\n<p class=\"has-very-dark-gray-color has-pale-cyan-blue-background-color has-text-color has-background\"><strong>Paroisse de Sermersheim<\/strong><\/p>\n\n\n\n<p class=\"has-very-dark-gray-color has-pale-cyan-blue-background-color has-text-color has-background\">Sylvia KEYSER &#8211; 03 88 74 29 73 &#8211; 1 fois \/ trimestre<\/p>\n\n\n\n<div style=\"height:20px\" aria-hidden=\"true\" class=\"wp-block-spacer\"><\/div>\n\n\n\n<p class=\"has-very-dark-gray-color has-pale-cyan-blue-background-color has-text-color has-background\"><strong>Paroisse de Uttenheim<\/strong><\/p>\n\n\n\n<p class=\"has-very-dark-gray-color has-pale-cyan-blue-background-color has-text-color has-background\">Nicole HELFTER&nbsp; &#8211; 1 fois \/ trimestre<\/p>\n\n\n\n<div style=\"height:20px\" aria-hidden=\"true\" class=\"wp-block-spacer\"><\/div>\n\n\n\n<p class=\"has-very-dark-gray-color has-pale-cyan-blue-background-color has-text-color has-background\"><strong>Paroisse de Westhouse<\/strong><\/p>\n\n\n\n<p class=\"has-very-dark-gray-color has-pale-cyan-blue-background-color has-text-color has-background\">Alice ROTH &#8211; 03 88 74 57 31 &#8211; 1 fois \/ mois<\/p>\n\n\n\n<div style=\"height:20px\" aria-hidden=\"true\" class=\"wp-block-spacer\"><\/div>\n\n\n\n<hr class=\"wp-block-separator has-text-color has-very-dark-gray-color has-css-opacity has-very-dark-gray-background-color has-background\"\/>\n","protected":false},"excerpt":{"rendered":"<p>Tout au long de l&rsquo;ann\u00e9e, les \u00e9glises de notre communaut\u00e9 sont propres gr\u00e2ce aux \u00e9quipes paroissiales charg\u00e9es de leur entretien r\u00e9gulier.<\/p>\n","protected":false},"author":5,"featured_media":6902,"comment_status":"closed","ping_status":"closed","sticky":false,"template":"","format":"image","meta":{"footnotes":""},"categories":[1],"tags":[],"class_list":["post-2689","post","type-post","status-publish","format-image","has-post-thumbnail","hentry","category-non-classe","post_format-post-format-image"],"_links":{"self":[{"href":"http:\/\/benfeld-catholique.fr\/index.php?rest_route=\/wp\/v2\/posts\/2689","targetHints":{"allow":["GET"]}}],"collection":[{"href":"http:\/\/benfeld-catholique.fr\/index.php?rest_route=\/wp\/v2\/posts"}],"about":[{"href":"http:\/\/benfeld-catholique.fr\/index.php?rest_route=\/wp\/v2\/types\/post"}],"author":[{"embeddable":true,"href":"http:\/\/benfeld-catholique.fr\/index.php?rest_route=\/wp\/v2\/users\/5"}],"replies":[{"embeddable":true,"href":"http:\/\/benfeld-catholique.fr\/index.php?rest_route=%2Fwp%2Fv2%2Fcomments&post=2689"}],"version-history":[{"count":17,"href":"http:\/\/benfeld-catholique.fr\/index.php?rest_route=\/wp\/v2\/posts\/2689\/revisions"}],"predecessor-version":[{"id":14741,"href":"http:\/\/benfeld-catholique.fr\/index.php?rest_route=\/wp\/v2\/posts\/2689\/revisions\/14741"}],"wp:featuredmedia":[{"embeddable":true,"href":"http:\/\/benfeld-catholique.fr\/index.php?rest_route=\/wp\/v2\/media\/6902"}],"wp:attachment":[{"href":"http:\/\/benfeld-catholique.fr\/index.php?rest_route=%2Fwp%2Fv2%2Fmedia&parent=2689"}],"wp:term":[{"taxonomy":"category","embeddable":true,"href":"http:\/\/benfeld-catholique.fr\/index.php?rest_route=%2Fwp%2Fv2%2Fcategories&post=2689"},{"taxonomy":"post_tag","embeddable":true,"href":"http:\/\/benfeld-catholique.fr\/index.php?rest_route=%2Fwp%2Fv2%2Ftags&post=2689"}],"curies":[{"name":"wp","href":"https:\/\/api.w.org\/{rel}","templated":true}]}}