{"id":2683,"date":"2020-09-27T18:10:00","date_gmt":"2020-09-27T16:10:00","guid":{"rendered":"http:\/\/benfeld-catholique.fr\/?p=2683"},"modified":"2020-09-29T18:06:15","modified_gmt":"2020-09-29T16:06:15","slug":"accueillir","status":"publish","type":"post","link":"http:\/\/benfeld-catholique.fr\/?p=2683","title":{"rendered":"Rejoindre l&rsquo;\u00e9quipe Accueil du presbyt\u00e8re"},"content":{"rendered":"\n<div class=\"wp-block-image\"><figure class=\"aligncenter size-large\"><img loading=\"lazy\" decoding=\"async\" width=\"600\" height=\"400\" src=\"http:\/\/benfeld-catholique.fr\/wp-content\/uploads\/2020\/09\/41155.jpg\" alt=\"\" class=\"wp-image-6908\" srcset=\"http:\/\/benfeld-catholique.fr\/wp-content\/uploads\/2020\/09\/41155.jpg 600w, http:\/\/benfeld-catholique.fr\/wp-content\/uploads\/2020\/09\/41155-300x200.jpg 300w\" sizes=\"auto, (max-width: 600px) 100vw, 600px\" \/><\/figure><\/div>\n\n\n\n<div style=\"height:20px\" aria-hidden=\"true\" class=\"wp-block-spacer\"><\/div>\n\n\n\n<hr class=\"wp-block-separator has-text-color has-background has-very-dark-gray-background-color has-very-dark-gray-color\"\/>\n\n\n\n<div style=\"height:20px\" aria-hidden=\"true\" class=\"wp-block-spacer\"><\/div>\n\n\n\n<p class=\"has-text-color has-background has-very-dark-gray-color has-pale-cyan-blue-background-color\">Si vous disposez de 2 ou 3 heures par semaine, ou tous les quinze jours, et que vous souhaitez les mettre au service de la communaut\u00e9, rejoignez l&rsquo;\u00e9quipe des b\u00e9n\u00e9voles de l&rsquo;accueil du presbyt\u00e8re de Benfeld. <\/p>\n\n\n\n<p class=\"has-text-color has-background has-very-dark-gray-color has-pale-cyan-blue-background-color\">Cette \u00e9quipe chaleureuse et fraternelle qui a besoin de renfort depuis la crise COVID-19, vous guidera avec bienveillance afin d&rsquo;accueillir au mieux les personnes qui viennent demander une intention de messe, le bapt\u00eame de leur enfant ou l&rsquo;inscription aux diff\u00e9rents sacrements.<\/p>\n\n\n\n<p class=\"has-text-color has-background has-very-dark-gray-color has-pale-cyan-blue-background-color\">Accueillir avec bienveillance et chaleur toutes les personnes qui viennent vers l&rsquo;\u00e9glise, c&rsquo;est annoncer l&rsquo;Evangile, c&rsquo;est \u00eatre des t\u00e9moins de la Bonne Nouvelle, alors n&rsquo;h\u00e9sitez-pas \u00e0 prendre contact.<\/p>\n\n\n\n<div style=\"height:20px\" aria-hidden=\"true\" class=\"wp-block-spacer\"><\/div>\n\n\n\n<p class=\"has-text-color has-background has-very-dark-gray-color has-pale-cyan-blue-background-color\"><strong>Contact Presbyt\u00e8re de Benfeld<\/strong><\/p>\n\n\n\n<p class=\"has-text-color has-background has-very-dark-gray-color has-pale-cyan-blue-background-color\">T\u00e9l\u00e9phone : 03 88 74 40 07<br><a href=\"mailto:com.paroisses@benfeld-catholique.fr\">com.paroisses@benfeld-catholique.fr<\/a> <\/p>\n\n\n\n<div style=\"height:20px\" aria-hidden=\"true\" class=\"wp-block-spacer\"><\/div>\n\n\n\n<hr class=\"wp-block-separator has-text-color has-background has-very-dark-gray-background-color has-very-dark-gray-color\"\/>\n","protected":false},"excerpt":{"rendered":"<p>Si vous disposez de 2 ou 3 heures par semaine, ou tous les quinze jours, et que vous souhaitez les mettre au service de la communaut\u00e9, rejoignez l&rsquo;\u00e9quipe des b\u00e9n\u00e9voles de l&rsquo;accueil du presbyt\u00e8re de Benfeld.<\/p>\n","protected":false},"author":5,"featured_media":6908,"comment_status":"closed","ping_status":"closed","sticky":false,"template":"","format":"image","meta":{"footnotes":""},"categories":[1],"tags":[],"class_list":["post-2683","post","type-post","status-publish","format-image","has-post-thumbnail","hentry","category-non-classe","post_format-post-format-image"],"_links":{"self":[{"href":"http:\/\/benfeld-catholique.fr\/index.php?rest_route=\/wp\/v2\/posts\/2683","targetHints":{"allow":["GET"]}}],"collection":[{"href":"http:\/\/benfeld-catholique.fr\/index.php?rest_route=\/wp\/v2\/posts"}],"about":[{"href":"http:\/\/benfeld-catholique.fr\/index.php?rest_route=\/wp\/v2\/types\/post"}],"author":[{"embeddable":true,"href":"http:\/\/benfeld-catholique.fr\/index.php?rest_route=\/wp\/v2\/users\/5"}],"replies":[{"embeddable":true,"href":"http:\/\/benfeld-catholique.fr\/index.php?rest_route=%2Fwp%2Fv2%2Fcomments&post=2683"}],"version-history":[{"count":12,"href":"http:\/\/benfeld-catholique.fr\/index.php?rest_route=\/wp\/v2\/posts\/2683\/revisions"}],"predecessor-version":[{"id":6909,"href":"http:\/\/benfeld-catholique.fr\/index.php?rest_route=\/wp\/v2\/posts\/2683\/revisions\/6909"}],"wp:featuredmedia":[{"embeddable":true,"href":"http:\/\/benfeld-catholique.fr\/index.php?rest_route=\/wp\/v2\/media\/6908"}],"wp:attachment":[{"href":"http:\/\/benfeld-catholique.fr\/index.php?rest_route=%2Fwp%2Fv2%2Fmedia&parent=2683"}],"wp:term":[{"taxonomy":"category","embeddable":true,"href":"http:\/\/benfeld-catholique.fr\/index.php?rest_route=%2Fwp%2Fv2%2Fcategories&post=2683"},{"taxonomy":"post_tag","embeddable":true,"href":"http:\/\/benfeld-catholique.fr\/index.php?rest_route=%2Fwp%2Fv2%2Ftags&post=2683"}],"curies":[{"name":"wp","href":"https:\/\/api.w.org\/{rel}","templated":true}]}}