{"id":194,"date":"2021-02-04T22:45:00","date_gmt":"2021-02-04T21:45:00","guid":{"rendered":"http:\/\/benfeld-catholique.fr\/?p=194"},"modified":"2025-06-25T19:04:32","modified_gmt":"2025-06-25T17:04:32","slug":"fraternite-chretienne-des-malades-fcpmh","status":"publish","type":"post","link":"http:\/\/benfeld-catholique.fr\/?p=194","title":{"rendered":"Fraternit\u00e9 Chr\u00e9tienne des personnes malades et handicap\u00e9es (FCPMH)"},"content":{"rendered":"\n<figure class=\"wp-block-image aligncenter size-large\"><img loading=\"lazy\" decoding=\"async\" width=\"346\" height=\"430\" src=\"http:\/\/benfeld-catholique.fr\/wp-content\/uploads\/2021\/02\/fcpmhlogo.jpg\" alt=\"\" class=\"wp-image-7624\" srcset=\"http:\/\/benfeld-catholique.fr\/wp-content\/uploads\/2021\/02\/fcpmhlogo.jpg 346w, http:\/\/benfeld-catholique.fr\/wp-content\/uploads\/2021\/02\/fcpmhlogo-241x300.jpg 241w\" sizes=\"auto, (max-width: 346px) 100vw, 346px\" \/><\/figure>\n\n\n\n<div style=\"height:50px\" aria-hidden=\"true\" class=\"wp-block-spacer\"><\/div>\n\n\n\n<h2 class=\"wp-block-heading has-text-align-center has-very-dark-gray-color has-text-color\"> <strong>Tel est bien le projet de Dieu:<\/strong><br><strong>que l\u2019\u00eatre humain vive&nbsp;<em>\u00ab&nbsp;debout&nbsp;\u00bb<\/em>.<\/strong> <\/h2>\n\n\n\n<div style=\"height:50px\" aria-hidden=\"true\" class=\"wp-block-spacer\"><\/div>\n\n\n\n<p class=\"has-very-dark-gray-color has-pale-cyan-blue-background-color has-text-color has-background\">Le FCPMH est un mouvement destin\u00e9 \u00e0 cr\u00e9er des liens entre les malades et les handicap\u00e9s. Ce mouvement est bas\u00e9 sur l\u2019esprit de fraternit\u00e9 \u00e9vang\u00e9lique, anim\u00e9 par des b\u00e9n\u00e9voles valides, mais aussi par des malades et handicap\u00e9s dans la mesure de leurs possibilit\u00e9s.<br>Le but essentiel est d\u2019aller \u00e0 leur rencontre et ainsi de les sortir de leur isolement et de les soutenir moralement. <\/p>\n\n\n\n<p class=\"has-very-dark-gray-color has-pale-cyan-blue-background-color has-text-color has-background\">Les temps forts du FCPMH : <\/p>\n\n\n\n<p class=\"has-very-dark-gray-color has-pale-cyan-blue-background-color has-text-color has-background\">&#8212; messe pour nos membres d\u00e9funts \u00e0 la chapelle de l\u2019h\u00f4pital d\u2019Erstein,<\/p>\n\n\n\n<p class=\"has-very-dark-gray-color has-pale-cyan-blue-background-color has-text-color has-background\">&#8212; f\u00eate de l\u2019Epiphanie, au Cercle Catholique,<\/p>\n\n\n\n<p class=\"has-very-dark-gray-color has-pale-cyan-blue-background-color has-text-color has-background\"> &#8212; rencontre mariale \u00e0 notre Dame de Neunkirch au cours du mois de mai.<\/p>\n\n\n\n<p class=\"has-very-dark-gray-color has-pale-cyan-blue-background-color has-text-color has-background\">Vous avez envie de vous investir ou de nous soutenir, n\u2019h\u00e9sitez pas \u00e0 nous rejoindre. vous pouvez contacter : Mise \u00e0 jour en cours<\/p>\n\n\n\n<div style=\"height:50px\" aria-hidden=\"true\" class=\"wp-block-spacer\"><\/div>\n\n\n\n<hr class=\"wp-block-separator has-text-color has-very-dark-gray-color has-css-opacity has-very-dark-gray-background-color has-background\"\/>\n","protected":false},"excerpt":{"rendered":"<p>Le FCPMH est un mouvement destin\u00e9 \u00e0 cr\u00e9er des liens entre les malades et les handicap\u00e9s.<\/p>\n","protected":false},"author":5,"featured_media":7623,"comment_status":"closed","ping_status":"closed","sticky":false,"template":"","format":"image","meta":{"footnotes":""},"categories":[1],"tags":[],"class_list":["post-194","post","type-post","status-publish","format-image","has-post-thumbnail","hentry","category-non-classe","post_format-post-format-image"],"_links":{"self":[{"href":"http:\/\/benfeld-catholique.fr\/index.php?rest_route=\/wp\/v2\/posts\/194","targetHints":{"allow":["GET"]}}],"collection":[{"href":"http:\/\/benfeld-catholique.fr\/index.php?rest_route=\/wp\/v2\/posts"}],"about":[{"href":"http:\/\/benfeld-catholique.fr\/index.php?rest_route=\/wp\/v2\/types\/post"}],"author":[{"embeddable":true,"href":"http:\/\/benfeld-catholique.fr\/index.php?rest_route=\/wp\/v2\/users\/5"}],"replies":[{"embeddable":true,"href":"http:\/\/benfeld-catholique.fr\/index.php?rest_route=%2Fwp%2Fv2%2Fcomments&post=194"}],"version-history":[{"count":16,"href":"http:\/\/benfeld-catholique.fr\/index.php?rest_route=\/wp\/v2\/posts\/194\/revisions"}],"predecessor-version":[{"id":14742,"href":"http:\/\/benfeld-catholique.fr\/index.php?rest_route=\/wp\/v2\/posts\/194\/revisions\/14742"}],"wp:featuredmedia":[{"embeddable":true,"href":"http:\/\/benfeld-catholique.fr\/index.php?rest_route=\/wp\/v2\/media\/7623"}],"wp:attachment":[{"href":"http:\/\/benfeld-catholique.fr\/index.php?rest_route=%2Fwp%2Fv2%2Fmedia&parent=194"}],"wp:term":[{"taxonomy":"category","embeddable":true,"href":"http:\/\/benfeld-catholique.fr\/index.php?rest_route=%2Fwp%2Fv2%2Fcategories&post=194"},{"taxonomy":"post_tag","embeddable":true,"href":"http:\/\/benfeld-catholique.fr\/index.php?rest_route=%2Fwp%2Fv2%2Ftags&post=194"}],"curies":[{"name":"wp","href":"https:\/\/api.w.org\/{rel}","templated":true}]}}