{"id":182,"date":"2021-02-04T22:39:37","date_gmt":"2021-02-04T21:39:37","guid":{"rendered":"http:\/\/benfeld-catholique.fr\/?p=182"},"modified":"2024-11-28T13:01:11","modified_gmt":"2024-11-28T12:01:11","slug":"association-entraide-paroissiale-benfeld","status":"publish","type":"post","link":"http:\/\/benfeld-catholique.fr\/?p=182","title":{"rendered":"Association Entraide Paroissiale Benfeld"},"content":{"rendered":"\n<figure class=\"wp-block-image aligncenter size-large\"><img loading=\"lazy\" decoding=\"async\" width=\"400\" height=\"400\" src=\"http:\/\/benfeld-catholique.fr\/wp-content\/uploads\/2020\/06\/bien-commun-bis.png\" alt=\"\" class=\"wp-image-6443\" srcset=\"http:\/\/benfeld-catholique.fr\/wp-content\/uploads\/2020\/06\/bien-commun-bis.png 400w, http:\/\/benfeld-catholique.fr\/wp-content\/uploads\/2020\/06\/bien-commun-bis-300x300.png 300w, http:\/\/benfeld-catholique.fr\/wp-content\/uploads\/2020\/06\/bien-commun-bis-150x150.png 150w, http:\/\/benfeld-catholique.fr\/wp-content\/uploads\/2020\/06\/bien-commun-bis-200x200.png 200w\" sizes=\"auto, (max-width: 400px) 100vw, 400px\" \/><\/figure>\n\n\n\n<div style=\"height:50px\" aria-hidden=\"true\" class=\"wp-block-spacer\"><\/div>\n\n\n\n<p class=\"has-very-dark-gray-color has-pale-cyan-blue-background-color has-text-color has-background\"><strong>L&rsquo;Entraide Paroissiale<\/strong> est une association \u0153cum\u00e9nique, attentive \u00e0 toute d\u00e9tresse, qui a pour but d\u2019apporter une aide mat\u00e9rielle et morale aux personnes d\u00e9munies ou isol\u00e9es, de soutenir les initiatives publiques et priv\u00e9es, de favoriser les rencontres entre personnes \u00e2g\u00e9es, les associations locales et les services d\u2019\u00e9glise. <\/p>\n\n\n\n<p class=\"has-very-dark-gray-color has-pale-cyan-blue-background-color has-text-color has-background\">Les activit\u00e9s principales de L&rsquo;Entraide Paroissiale sont : <\/p>\n\n\n\n<p class=\"has-very-dark-gray-color has-pale-cyan-blue-background-color has-text-color has-background\">&#8212; la grande collecte de la Banque Alimentaire en novembre ,<\/p>\n\n\n\n<p class=\"has-very-dark-gray-color has-pale-cyan-blue-background-color has-text-color has-background\">&#8212; les go\u00fbters \u00e0 la maison de retraite,<\/p>\n\n\n\n<p class=\"has-very-dark-gray-color has-pale-cyan-blue-background-color has-text-color has-background\">&#8212; la distribution de bons de secours d\u2019urgence, en lien avec les services sociaux,<\/p>\n\n\n\n<p class=\"has-very-dark-gray-color has-pale-cyan-blue-background-color has-text-color has-background\">&#8212; l&rsquo;alimentation d&rsquo;urgence au presbyt\u00e8re de Benfeld,<\/p>\n\n\n\n<p class=\"has-very-dark-gray-color has-pale-cyan-blue-background-color has-text-color has-background\">&#8212; la visite de No\u00ebl aux Benfeldois en maison de retraite.<\/p>\n\n\n\n<p class=\"has-very-dark-gray-color has-pale-cyan-blue-background-color has-text-color has-background\">Vous avez envie de vous investir, alors n\u2019h\u00e9sitez pas \u00e0 nous rejoindre\u00a0! Vous pouvez \u00e9galement faire un don \u00e0 l&rsquo;association (un re\u00e7u fiscal vous sera remis). vous pouvez contacter : JM Linget\u00a0\u00a0&#8211; <a href=\"callto:06 47 97 34 07\">06 47 97 34 07<\/a>\u00a0 &#8211;<a href=\"mailto:jmlinget@wanadoo.fr\">jmlinget@wanadoo.fr<\/a><\/p>\n\n\n\n<div style=\"height:50px\" aria-hidden=\"true\" class=\"wp-block-spacer\"><\/div>\n\n\n\n<hr class=\"wp-block-separator has-text-color has-very-dark-gray-color has-css-opacity has-very-dark-gray-background-color has-background\"\/>\n","protected":false},"excerpt":{"rendered":"<p>L&rsquo;Entraide Paroissiale est une association \u0153cum\u00e9nique, attentive \u00e0 toute d\u00e9tresse, qui a pour but d\u2019apporter une aide mat\u00e9rielle et morale aux personnes d\u00e9munies ou isol\u00e9es&#8230;<\/p>\n","protected":false},"author":5,"featured_media":7412,"comment_status":"closed","ping_status":"closed","sticky":false,"template":"","format":"image","meta":{"footnotes":""},"categories":[1],"tags":[],"class_list":["post-182","post","type-post","status-publish","format-image","has-post-thumbnail","hentry","category-non-classe","post_format-post-format-image"],"_links":{"self":[{"href":"http:\/\/benfeld-catholique.fr\/index.php?rest_route=\/wp\/v2\/posts\/182","targetHints":{"allow":["GET"]}}],"collection":[{"href":"http:\/\/benfeld-catholique.fr\/index.php?rest_route=\/wp\/v2\/posts"}],"about":[{"href":"http:\/\/benfeld-catholique.fr\/index.php?rest_route=\/wp\/v2\/types\/post"}],"author":[{"embeddable":true,"href":"http:\/\/benfeld-catholique.fr\/index.php?rest_route=\/wp\/v2\/users\/5"}],"replies":[{"embeddable":true,"href":"http:\/\/benfeld-catholique.fr\/index.php?rest_route=%2Fwp%2Fv2%2Fcomments&post=182"}],"version-history":[{"count":16,"href":"http:\/\/benfeld-catholique.fr\/index.php?rest_route=\/wp\/v2\/posts\/182\/revisions"}],"predecessor-version":[{"id":13951,"href":"http:\/\/benfeld-catholique.fr\/index.php?rest_route=\/wp\/v2\/posts\/182\/revisions\/13951"}],"wp:featuredmedia":[{"embeddable":true,"href":"http:\/\/benfeld-catholique.fr\/index.php?rest_route=\/wp\/v2\/media\/7412"}],"wp:attachment":[{"href":"http:\/\/benfeld-catholique.fr\/index.php?rest_route=%2Fwp%2Fv2%2Fmedia&parent=182"}],"wp:term":[{"taxonomy":"category","embeddable":true,"href":"http:\/\/benfeld-catholique.fr\/index.php?rest_route=%2Fwp%2Fv2%2Fcategories&post=182"},{"taxonomy":"post_tag","embeddable":true,"href":"http:\/\/benfeld-catholique.fr\/index.php?rest_route=%2Fwp%2Fv2%2Ftags&post=182"}],"curies":[{"name":"wp","href":"https:\/\/api.w.org\/{rel}","templated":true}]}}