{"id":172,"date":"2020-06-18T17:00:00","date_gmt":"2020-06-18T15:00:00","guid":{"rendered":"http:\/\/benfeld-catholique.fr\/?p=172"},"modified":"2023-04-22T19:00:28","modified_gmt":"2023-04-22T17:00:28","slug":"cmr-2","status":"publish","type":"post","link":"http:\/\/benfeld-catholique.fr\/?p=172","title":{"rendered":"Chr\u00e9tiens dans le Monde Rural"},"content":{"rendered":"\n<div class=\"wp-block-image\"><figure class=\"aligncenter size-large is-resized\"><img loading=\"lazy\" decoding=\"async\" src=\"http:\/\/benfeld-catholique.fr\/wp-content\/uploads\/2020\/06\/image_preview.jpg\" alt=\"\" class=\"wp-image-6376\" width=\"263\" height=\"263\" srcset=\"http:\/\/benfeld-catholique.fr\/wp-content\/uploads\/2020\/06\/image_preview.jpg 224w, http:\/\/benfeld-catholique.fr\/wp-content\/uploads\/2020\/06\/image_preview-150x150.jpg 150w, http:\/\/benfeld-catholique.fr\/wp-content\/uploads\/2020\/06\/image_preview-200x200.jpg 200w\" sizes=\"auto, (max-width: 263px) 100vw, 263px\" \/><\/figure><\/div>\n\n\n\n<div style=\"height:20px\" aria-hidden=\"true\" class=\"wp-block-spacer\"><\/div>\n\n\n\n<p class=\"has-text-color has-background has-very-dark-gray-color has-pale-cyan-blue-background-color\">Le CMR rassemble des hommes et des femmes ins\u00e9r\u00e9s dans les territoires ruraux, qui veulent contribuer \u00e0 un avenir solidaire et \u00eatre des la\u00efcs agissant au nom de l\u2019\u00c9vangile dans la soci\u00e9t\u00e9 d\u2019aujourd\u2019hui.<\/p>\n\n\n\n<div style=\"height:20px\" aria-hidden=\"true\" class=\"wp-block-spacer\"><\/div>\n\n\n\n<hr class=\"wp-block-separator has-text-color has-background has-very-dark-gray-background-color has-very-dark-gray-color\"\/>\n\n\n\n<div style=\"height:20px\" aria-hidden=\"true\" class=\"wp-block-spacer\"><\/div>\n\n\n\n<figure class=\"wp-block-gallery columns-3 is-cropped wp-block-gallery-1 is-layout-flex wp-block-gallery-is-layout-flex\"><ul class=\"blocks-gallery-grid\"><li class=\"blocks-gallery-item\"><figure><img loading=\"lazy\" decoding=\"async\" width=\"420\" height=\"250\" src=\"http:\/\/benfeld-catholique.fr\/wp-content\/uploads\/2020\/06\/voix_politiqueautrement.png\" alt=\"\" data-id=\"6378\" data-link=\"http:\/\/benfeld-catholique.fr\/?attachment_id=6378#main\" class=\"wp-image-6378\" srcset=\"http:\/\/benfeld-catholique.fr\/wp-content\/uploads\/2020\/06\/voix_politiqueautrement.png 420w, http:\/\/benfeld-catholique.fr\/wp-content\/uploads\/2020\/06\/voix_politiqueautrement-300x179.png 300w\" sizes=\"auto, (max-width: 420px) 100vw, 420px\" \/><\/figure><\/li><li class=\"blocks-gallery-item\"><figure><img loading=\"lazy\" decoding=\"async\" width=\"420\" height=\"250\" src=\"http:\/\/benfeld-catholique.fr\/wp-content\/uploads\/2020\/06\/vivreensemble.png\" alt=\"\" data-id=\"6383\" data-full-url=\"http:\/\/benfeld-catholique.fr\/wp-content\/uploads\/2020\/06\/vivreensemble.png\" data-link=\"http:\/\/benfeld-catholique.fr\/?attachment_id=6383#main\" class=\"wp-image-6383\" srcset=\"http:\/\/benfeld-catholique.fr\/wp-content\/uploads\/2020\/06\/vivreensemble.png 420w, http:\/\/benfeld-catholique.fr\/wp-content\/uploads\/2020\/06\/vivreensemble-300x179.png 300w\" sizes=\"auto, (max-width: 420px) 100vw, 420px\" \/><\/figure><\/li><li class=\"blocks-gallery-item\"><figure><img loading=\"lazy\" decoding=\"async\" width=\"420\" height=\"250\" src=\"http:\/\/benfeld-catholique.fr\/wp-content\/uploads\/2020\/06\/egalite_fraternite.png\" alt=\"\" data-id=\"6382\" data-link=\"http:\/\/benfeld-catholique.fr\/?attachment_id=6382#main\" class=\"wp-image-6382\" srcset=\"http:\/\/benfeld-catholique.fr\/wp-content\/uploads\/2020\/06\/egalite_fraternite.png 420w, http:\/\/benfeld-catholique.fr\/wp-content\/uploads\/2020\/06\/egalite_fraternite-300x179.png 300w\" sizes=\"auto, (max-width: 420px) 100vw, 420px\" \/><\/figure><\/li><li class=\"blocks-gallery-item\"><figure><img loading=\"lazy\" decoding=\"async\" width=\"420\" height=\"250\" src=\"http:\/\/benfeld-catholique.fr\/wp-content\/uploads\/2020\/06\/economie_biencommun.png\" alt=\"\" data-id=\"6381\" data-link=\"http:\/\/benfeld-catholique.fr\/?attachment_id=6381#main\" class=\"wp-image-6381\" srcset=\"http:\/\/benfeld-catholique.fr\/wp-content\/uploads\/2020\/06\/economie_biencommun.png 420w, http:\/\/benfeld-catholique.fr\/wp-content\/uploads\/2020\/06\/economie_biencommun-300x179.png 300w\" sizes=\"auto, (max-width: 420px) 100vw, 420px\" \/><\/figure><\/li><li class=\"blocks-gallery-item\"><figure><img loading=\"lazy\" decoding=\"async\" width=\"420\" height=\"250\" src=\"http:\/\/benfeld-catholique.fr\/wp-content\/uploads\/2020\/06\/habiter_terre.png\" alt=\"\" data-id=\"6380\" data-link=\"http:\/\/benfeld-catholique.fr\/?attachment_id=6380#main\" class=\"wp-image-6380\" srcset=\"http:\/\/benfeld-catholique.fr\/wp-content\/uploads\/2020\/06\/habiter_terre.png 420w, http:\/\/benfeld-catholique.fr\/wp-content\/uploads\/2020\/06\/habiter_terre-300x179.png 300w\" sizes=\"auto, (max-width: 420px) 100vw, 420px\" \/><\/figure><\/li><li class=\"blocks-gallery-item\"><figure><img loading=\"lazy\" decoding=\"async\" width=\"420\" height=\"250\" src=\"http:\/\/benfeld-catholique.fr\/wp-content\/uploads\/2020\/06\/eglise.png\" alt=\"\" data-id=\"6379\" data-link=\"http:\/\/benfeld-catholique.fr\/?attachment_id=6379#main\" class=\"wp-image-6379\" srcset=\"http:\/\/benfeld-catholique.fr\/wp-content\/uploads\/2020\/06\/eglise.png 420w, http:\/\/benfeld-catholique.fr\/wp-content\/uploads\/2020\/06\/eglise-300x179.png 300w\" sizes=\"auto, (max-width: 420px) 100vw, 420px\" \/><\/figure><\/li><\/ul><\/figure>\n\n\n\n<div style=\"height:20px\" aria-hidden=\"true\" class=\"wp-block-spacer\"><\/div>\n\n\n\n<p class=\"has-text-color has-background has-very-dark-gray-color has-pale-cyan-blue-background-color\">Je n\u2019ai pas le temps\u2026 Nous n\u2019avons pas le temps\u2026 Chacun d\u2019entre nous est sollicit\u00e9 \u00e0 de nombreux moments de la journ\u00e9e, en famille, au travail, dans le milieu associatif, sur les r\u00e9seaux sociaux, nos journ\u00e9es d\u00e9filent \u00e0 vive allure, mais prenons nous du temps pour nous&nbsp;?<\/p>\n\n\n\n<p class=\"has-text-color has-background has-very-dark-gray-color has-pale-cyan-blue-background-color\">Il est parfois int\u00e9ressant et n\u00e9cessaire de \u00ab&nbsp;se poser&nbsp;\u00bb et de prendre du temps pour soi. La vie en \u00e9quipe CMR (Chr\u00e9tiens dans le Monde Rural), nous permet de prendre du recul, de rencontrer d\u2019autres personnes, de se forger une opinion \u00e0 travers des des r\u00e9flexions et de discuter des joies ou des difficult\u00e9s du quotidien.<\/p>\n\n\n\n<p class=\"has-text-color has-background has-very-dark-gray-color has-pale-cyan-blue-background-color\">Etre en \u00e9quipe, c\u2019est se retrouver, partager les \u00e9v\u00e8nements de notre vie mais aussi prendre le temps de lire des extraits de la Bible en rapport avec<br>les th\u00e8mes abord\u00e9s lors de la r\u00e9union.<\/p>\n\n\n\n<p class=\"has-text-color has-background has-very-dark-gray-color has-pale-cyan-blue-background-color\">Si vous souhaitez vivre l\u2019aventure d\u2019une vie d\u2019\u00e9quipe CMR, vous pouvez rejoindre l\u2019une des \u00e9quipes de la Communaut\u00e9 de Paroisses.<\/p>\n\n\n\n<p class=\"has-text-color has-background has-very-dark-gray-color has-pale-cyan-blue-background-color\">Contact: Val\u00e9rie VELTEN : 03 88 21 29 64 ou <a href=\"mailto:cmr-67@wanadoo.fr\">cmr-67@wanadoo.fr<\/a><\/p>\n\n\n\n<p class=\"has-text-color has-background has-very-dark-gray-color has-pale-cyan-blue-background-color\"><a href=\"https:\/\/chretiens-ruraux.fr\/\">https:\/\/chretiens-ruraux.fr<\/a><\/p>\n","protected":false},"excerpt":{"rendered":"<p>Le CMR rassemble des la\u00efcs ins\u00e9r\u00e9s dans les territoires ruraux, qui veulent contribuer \u00e0 un avenir solidaire.<\/p>\n","protected":false},"author":5,"featured_media":6381,"comment_status":"closed","ping_status":"closed","sticky":false,"template":"","format":"image","meta":{"footnotes":""},"categories":[1],"tags":[],"class_list":["post-172","post","type-post","status-publish","format-image","has-post-thumbnail","hentry","category-non-classe","post_format-post-format-image"],"_links":{"self":[{"href":"http:\/\/benfeld-catholique.fr\/index.php?rest_route=\/wp\/v2\/posts\/172","targetHints":{"allow":["GET"]}}],"collection":[{"href":"http:\/\/benfeld-catholique.fr\/index.php?rest_route=\/wp\/v2\/posts"}],"about":[{"href":"http:\/\/benfeld-catholique.fr\/index.php?rest_route=\/wp\/v2\/types\/post"}],"author":[{"embeddable":true,"href":"http:\/\/benfeld-catholique.fr\/index.php?rest_route=\/wp\/v2\/users\/5"}],"replies":[{"embeddable":true,"href":"http:\/\/benfeld-catholique.fr\/index.php?rest_route=%2Fwp%2Fv2%2Fcomments&post=172"}],"version-history":[{"count":14,"href":"http:\/\/benfeld-catholique.fr\/index.php?rest_route=\/wp\/v2\/posts\/172\/revisions"}],"predecessor-version":[{"id":6498,"href":"http:\/\/benfeld-catholique.fr\/index.php?rest_route=\/wp\/v2\/posts\/172\/revisions\/6498"}],"wp:featuredmedia":[{"embeddable":true,"href":"http:\/\/benfeld-catholique.fr\/index.php?rest_route=\/wp\/v2\/media\/6381"}],"wp:attachment":[{"href":"http:\/\/benfeld-catholique.fr\/index.php?rest_route=%2Fwp%2Fv2%2Fmedia&parent=172"}],"wp:term":[{"taxonomy":"category","embeddable":true,"href":"http:\/\/benfeld-catholique.fr\/index.php?rest_route=%2Fwp%2Fv2%2Fcategories&post=172"},{"taxonomy":"post_tag","embeddable":true,"href":"http:\/\/benfeld-catholique.fr\/index.php?rest_route=%2Fwp%2Fv2%2Ftags&post=172"}],"curies":[{"name":"wp","href":"https:\/\/api.w.org\/{rel}","templated":true}]}}