{"id":10888,"date":"2023-01-07T15:20:47","date_gmt":"2023-01-07T14:20:47","guid":{"rendered":"http:\/\/benfeld-catholique.fr\/?p=10888"},"modified":"2023-03-02T17:15:13","modified_gmt":"2023-03-02T16:15:13","slug":"grendelbruch-15-au-22-avril-2023-session-bafa","status":"publish","type":"post","link":"http:\/\/benfeld-catholique.fr\/?p=10888","title":{"rendered":"Grendelbruch &#8211; 15 au 22 avril 2023 &#8211; Session BAFA"},"content":{"rendered":"\n<div class=\"wp-block-image\"><figure class=\"aligncenter size-large\"><img loading=\"lazy\" decoding=\"async\" width=\"855\" height=\"499\" src=\"http:\/\/benfeld-catholique.fr\/wp-content\/uploads\/2023\/01\/BAFA2.jpg\" alt=\"\" class=\"wp-image-10890\" srcset=\"http:\/\/benfeld-catholique.fr\/wp-content\/uploads\/2023\/01\/BAFA2.jpg 855w, http:\/\/benfeld-catholique.fr\/wp-content\/uploads\/2023\/01\/BAFA2-300x175.jpg 300w, http:\/\/benfeld-catholique.fr\/wp-content\/uploads\/2023\/01\/BAFA2-768x448.jpg 768w\" sizes=\"auto, (max-width: 855px) 100vw, 855px\" \/><\/figure><\/div>\n\n\n\n<div style=\"height:50px\" aria-hidden=\"true\" class=\"wp-block-spacer\"><\/div>\n\n\n\n<p class=\"has-text-color has-background has-very-dark-gray-color has-pale-cyan-blue-background-color\">Tu souhaites animer ou tu encadres d\u00e9j\u00e0 des enfants ou des jeunes? Tu souhaites d\u00e9couvrir de nouvelles mani\u00e8res de vivre ensemble, proposer l\u2019aventure, permettre de r\u00eaver, oser, \u2026 en toute s\u00e9curit\u00e9. Alors, n\u2019h\u00e9sites plus. Le BAFA est fait pour toi !<\/p>\n\n\n\n<p class=\"has-text-color has-background has-very-dark-gray-color has-pale-cyan-blue-background-color\">Rejoins la session organis\u00e9e par la MRJC du samedi 15 au samedi 22 avril 2023 au Refuge des Amis de la Nature 67190 GRENDELBRUCH<\/p>\n\n\n\n<p class=\"has-text-color has-background has-very-dark-gray-color has-pale-cyan-blue-background-color\">Le but d&rsquo;un BAFA est d&rsquo;\u00eatre en capacit\u00e9 d&rsquo;animer aupr\u00e8s d&rsquo;enfants et d&rsquo;adolescents en respectant au mieux leurs besoins, dans le cadre r\u00e8glementaire.<\/p>\n\n\n\n<p class=\"has-text-color has-background has-very-dark-gray-color has-pale-cyan-blue-background-color\">Durant ce stage tu apprendras ou tu approfondiras :<\/p>\n\n\n\n<p class=\"has-text-color has-background has-very-dark-gray-color has-pale-cyan-blue-background-color\">&#8212; les besoins sp\u00e9cifiques \u00e0 chaque \u00e2ge,<\/p>\n\n\n\n<p class=\"has-text-color has-background has-very-dark-gray-color has-pale-cyan-blue-background-color\">&#8212; des techniques d&rsquo;animations adapt\u00e9es au public et \u00e0 vis\u00e9e p\u00e9dagogique,<\/p>\n\n\n\n<p class=\"has-text-color has-background has-very-dark-gray-color has-pale-cyan-blue-background-color\">&#8212; des bases de l\u00e9gislation concernant l&rsquo;encadrement des mineurs.<\/p>\n\n\n\n<p class=\"has-text-color has-background has-very-dark-gray-color has-pale-cyan-blue-background-color\">Ce stage est une exp\u00e9rience unique de rencontre, de partage, d\u2019apprentissage sur soi. La formation invite \u00e0 entrer dans une d\u00e9marche d\u2019\u00e9ducation populaire. Les stagiaires travaillent en \u00e9quipe, animent des jeux ou des veill\u00e9es, pr\u00e9parent des temps de formation et participent \u00e0 leur propre \u00e9valuation. <\/p>\n\n\n\n<p class=\"has-text-color has-background has-very-dark-gray-color has-pale-cyan-blue-background-color\">Pour tout renseignement et inscription, t\u00e9l\u00e9chargez le document ci-dessous :<\/p>\n\n\n\n<div style=\"height:30px\" aria-hidden=\"true\" class=\"wp-block-spacer\"><\/div>\n\n\n\n<div class=\"wp-block-file aligncenter\"><a href=\"http:\/\/benfeld-catholique.fr\/wp-content\/uploads\/2023\/01\/mrjc-bafa-fg-avril2023-1.pdf\">mrjc-bafa-fg-avril2023-1<\/a><a href=\"http:\/\/benfeld-catholique.fr\/wp-content\/uploads\/2023\/01\/mrjc-bafa-fg-avril2023-1.pdf\" class=\"wp-block-file__button\" download>T\u00e9l\u00e9charger<\/a><\/div>\n\n\n\n<div style=\"height:50px\" aria-hidden=\"true\" class=\"wp-block-spacer\"><\/div>\n\n\n\n<hr class=\"wp-block-separator has-text-color has-background has-very-dark-gray-background-color has-very-dark-gray-color\"\/>\n","protected":false},"excerpt":{"rendered":"<p>Tu souhaites animer ou tu encadres d\u00e9j\u00e0 des enfants ou des jeunes ? Tu souhaites d\u00e9couvrir de nouvelles mani\u00e8res de vivre ensemble, proposer l\u2019aventure, permettre de r\u00eaver, oser, \u2026 en toute s\u00e9curit\u00e9. Alors, n\u2019h\u00e9sites plus. Le BAFA est fait pour toi !<\/p>\n","protected":false},"author":5,"featured_media":10890,"comment_status":"closed","ping_status":"closed","sticky":false,"template":"","format":"image","meta":{"footnotes":""},"categories":[1],"tags":[],"class_list":["post-10888","post","type-post","status-publish","format-image","has-post-thumbnail","hentry","category-non-classe","post_format-post-format-image"],"_links":{"self":[{"href":"http:\/\/benfeld-catholique.fr\/index.php?rest_route=\/wp\/v2\/posts\/10888","targetHints":{"allow":["GET"]}}],"collection":[{"href":"http:\/\/benfeld-catholique.fr\/index.php?rest_route=\/wp\/v2\/posts"}],"about":[{"href":"http:\/\/benfeld-catholique.fr\/index.php?rest_route=\/wp\/v2\/types\/post"}],"author":[{"embeddable":true,"href":"http:\/\/benfeld-catholique.fr\/index.php?rest_route=\/wp\/v2\/users\/5"}],"replies":[{"embeddable":true,"href":"http:\/\/benfeld-catholique.fr\/index.php?rest_route=%2Fwp%2Fv2%2Fcomments&post=10888"}],"version-history":[{"count":1,"href":"http:\/\/benfeld-catholique.fr\/index.php?rest_route=\/wp\/v2\/posts\/10888\/revisions"}],"predecessor-version":[{"id":10891,"href":"http:\/\/benfeld-catholique.fr\/index.php?rest_route=\/wp\/v2\/posts\/10888\/revisions\/10891"}],"wp:featuredmedia":[{"embeddable":true,"href":"http:\/\/benfeld-catholique.fr\/index.php?rest_route=\/wp\/v2\/media\/10890"}],"wp:attachment":[{"href":"http:\/\/benfeld-catholique.fr\/index.php?rest_route=%2Fwp%2Fv2%2Fmedia&parent=10888"}],"wp:term":[{"taxonomy":"category","embeddable":true,"href":"http:\/\/benfeld-catholique.fr\/index.php?rest_route=%2Fwp%2Fv2%2Fcategories&post=10888"},{"taxonomy":"post_tag","embeddable":true,"href":"http:\/\/benfeld-catholique.fr\/index.php?rest_route=%2Fwp%2Fv2%2Ftags&post=10888"}],"curies":[{"name":"wp","href":"https:\/\/api.w.org\/{rel}","templated":true}]}}